{"id":95521,"date":"2017-05-07T00:00:42","date_gmt":"2017-05-06T22:00:42","guid":{"rendered":"https:\/\/www.green-solutions.info\/projeto-de-mtb-na-regiao-dos-lagos-de-allgaeu\/"},"modified":"2025-02-15T14:37:28","modified_gmt":"2025-02-15T13:37:28","slug":"projeto-de-mtb-na-regiao-dos-lagos-de-allgaeu","status":"publish","type":"post","link":"https:\/\/www.green-solutions.info\/pt-br\/projeto-de-mtb-na-regiao-dos-lagos-de-allgaeu\/","title":{"rendered":"Projeto de MTB na regi\u00e3o dos lagos de Allg\u00e4u"},"content":{"rendered":"<div class=\"wpb-content-wrapper\"><p>[vc_row full_width=&#8221;stretch_row_content&#8221; css=&#8221;.vc_custom_1583611802660{margin-right: 0px !important;margin-bottom: 0px !important;margin-left: 0px !important;}&#8221;][vc_column css=&#8221;.vc_custom_1583611287076{padding-bottom: 404px !important;background-position: center !important;background-repeat: no-repeat !important;background-size: cover !important;}&#8221;][vc_custom_heading text=&#8221;Regi\u00e3o dos lagos de Allg\u00e4u&#8221; font_container=&#8221;tag:h3|text_align:left&#8221; use_theme_fonts=&#8221;yes&#8221;][vc_column_text]Nosso &#8220;beb\u00ea do mountain bike&#8221; na regi\u00e3o dos lagos de Allg\u00e4u est\u00e1 lentamente tomando forma &#8211; em 17 de maio de 2017, espera-se que o pedido para a constru\u00e7\u00e3o de uma nova pista de corrida, trilha de pr\u00e1tica e a extens\u00e3o de uma trilha existente em Buchenberg\/Eschach seja aprovado. Isso marca o in\u00edcio de um projeto de mountain bike intercomunit\u00e1rio com car\u00e1ter de vitrine &#8211; manteremos voc\u00ea atualizado![\/vc_column_text][\/vc_column][\/vc_row]<\/p>\n<\/div>","protected":false},"excerpt":{"rendered":"<p>Nosso &#8220;beb\u00ea mountain bike&#8221; na regi\u00e3o dos lagos de Allg\u00e4u est\u00e1 lentamente tomando forma<\/p>\n","protected":false},"author":1,"featured_media":68666,"comment_status":"closed","ping_status":"open","sticky":false,"template":"","format":"standard","meta":{"om_disable_all_campaigns":false,"_monsterinsights_skip_tracking":false,"_monsterinsights_sitenote_active":false,"_monsterinsights_sitenote_note":"","_monsterinsights_sitenote_category":0,"footnotes":""},"categories":[3070],"tags":[],"class_list":{"0":"post-95521","1":"post","2":"type-post","3":"status-publish","4":"format-standard","5":"has-post-thumbnail","7":"category-arge-mtb-pt-br"},"aioseo_notices":[],"menu_order":0,"_links":{"self":[{"href":"https:\/\/www.green-solutions.info\/pt-br\/wp-json\/wp\/v2\/posts\/95521","targetHints":{"allow":["GET"]}}],"collection":[{"href":"https:\/\/www.green-solutions.info\/pt-br\/wp-json\/wp\/v2\/posts"}],"about":[{"href":"https:\/\/www.green-solutions.info\/pt-br\/wp-json\/wp\/v2\/types\/post"}],"author":[{"embeddable":true,"href":"https:\/\/www.green-solutions.info\/pt-br\/wp-json\/wp\/v2\/users\/1"}],"replies":[{"embeddable":true,"href":"https:\/\/www.green-solutions.info\/pt-br\/wp-json\/wp\/v2\/comments?post=95521"}],"version-history":[{"count":0,"href":"https:\/\/www.green-solutions.info\/pt-br\/wp-json\/wp\/v2\/posts\/95521\/revisions"}],"wp:featuredmedia":[{"embeddable":true,"href":"https:\/\/www.green-solutions.info\/pt-br\/wp-json\/wp\/v2\/media\/68666"}],"wp:attachment":[{"href":"https:\/\/www.green-solutions.info\/pt-br\/wp-json\/wp\/v2\/media?parent=95521"}],"wp:term":[{"taxonomy":"category","embeddable":true,"href":"https:\/\/www.green-solutions.info\/pt-br\/wp-json\/wp\/v2\/categories?post=95521"},{"taxonomy":"post_tag","embeddable":true,"href":"https:\/\/www.green-solutions.info\/pt-br\/wp-json\/wp\/v2\/tags?post=95521"}],"curies":[{"name":"wp","href":"https:\/\/api.w.org\/{rel}","templated":true}]}}