{"id":93144,"date":"2019-03-02T13:24:22","date_gmt":"2019-03-02T12:24:22","guid":{"rendered":"https:\/\/www.green-solutions.info\/principal-projeto-para-green-solutions-regiao-de-zugspitz-comissiona-green-solutions\/"},"modified":"2025-02-15T14:31:17","modified_gmt":"2025-02-15T13:31:17","slug":"principal-projeto-para-green-solutions-regiao-de-zugspitz-comissiona-green-solutions","status":"publish","type":"post","link":"https:\/\/www.green-solutions.info\/pt-br\/principal-projeto-para-green-solutions-regiao-de-zugspitz-comissiona-green-solutions\/","title":{"rendered":"Principal projeto para green-solutions &#8211; Regi\u00e3o de Zugspitz comissiona green-solutions"},"content":{"rendered":"<p><strong>Projeto principal para green-solutions<\/strong><\/p>\n<p>\u00c9 com grande satisfa\u00e7\u00e3o que recebemos um pedido. A regi\u00e3o de Zugspitz nos encarregou de planejar a sinaliza\u00e7\u00e3o de todas as trilhas de caminhada no distrito de Garmisch-Parternkichen. A lista de tarefas inclui 1.600 quil\u00f4metros de trilhas de caminhada e planejamento de sinaliza\u00e7\u00e3o nos pr\u00f3ximos dois anos. A sinaliza\u00e7\u00e3o deve complementar as rotas j\u00e1 realizadas nos Alpes de Ammergau. Estamos ansiosos para come\u00e7ar em mar\u00e7o de 2019.    <\/p>\n","protected":false},"excerpt":{"rendered":"<p>Projeto principal para green-solutions \u00c9 com grande satisfa\u00e7\u00e3o que recebemos um pedido. A regi\u00e3o de Zugspitz nos encarregou de planejar&#8230;<\/p>\n","protected":false},"author":1,"featured_media":82478,"comment_status":"closed","ping_status":"open","sticky":false,"template":"","format":"standard","meta":{"om_disable_all_campaigns":false,"_monsterinsights_skip_tracking":false,"_monsterinsights_sitenote_active":false,"_monsterinsights_sitenote_note":"","_monsterinsights_sitenote_category":0,"footnotes":""},"categories":[1291,1292,1290,1447],"tags":[1511,1652,2321,2303,2415,1510],"class_list":{"0":"post-93144","1":"post","2":"type-post","3":"status-publish","4":"format-standard","5":"has-post-thumbnail","7":"category-arquivo-de-noticias","8":"category-conceito","9":"category-referencias","10":"category-tourinfra-pt-br","11":"tag-caminhada","12":"tag-ciclismo","13":"tag-planejamento-de-passeios","14":"tag-planejamento-de-sinalizacao","15":"tag-regiao-de-zugspitze-pt-br","16":"tag-tourinfra-pt-br"},"aioseo_notices":[],"menu_order":363,"_links":{"self":[{"href":"https:\/\/www.green-solutions.info\/pt-br\/wp-json\/wp\/v2\/posts\/93144","targetHints":{"allow":["GET"]}}],"collection":[{"href":"https:\/\/www.green-solutions.info\/pt-br\/wp-json\/wp\/v2\/posts"}],"about":[{"href":"https:\/\/www.green-solutions.info\/pt-br\/wp-json\/wp\/v2\/types\/post"}],"author":[{"embeddable":true,"href":"https:\/\/www.green-solutions.info\/pt-br\/wp-json\/wp\/v2\/users\/1"}],"replies":[{"embeddable":true,"href":"https:\/\/www.green-solutions.info\/pt-br\/wp-json\/wp\/v2\/comments?post=93144"}],"version-history":[{"count":0,"href":"https:\/\/www.green-solutions.info\/pt-br\/wp-json\/wp\/v2\/posts\/93144\/revisions"}],"wp:featuredmedia":[{"embeddable":true,"href":"https:\/\/www.green-solutions.info\/pt-br\/wp-json\/wp\/v2\/media\/82478"}],"wp:attachment":[{"href":"https:\/\/www.green-solutions.info\/pt-br\/wp-json\/wp\/v2\/media?parent=93144"}],"wp:term":[{"taxonomy":"category","embeddable":true,"href":"https:\/\/www.green-solutions.info\/pt-br\/wp-json\/wp\/v2\/categories?post=93144"},{"taxonomy":"post_tag","embeddable":true,"href":"https:\/\/www.green-solutions.info\/pt-br\/wp-json\/wp\/v2\/tags?post=93144"}],"curies":[{"name":"wp","href":"https:\/\/api.w.org\/{rel}","templated":true}]}}