{"id":92638,"date":"2015-05-04T09:29:15","date_gmt":"2015-05-04T07:29:15","guid":{"rendered":"https:\/\/www.green-solutions.info\/voce-esta-prestes-a-concluir-um-grande-projeto-nos-alpes-de-chiemgau\/"},"modified":"2025-02-15T14:30:00","modified_gmt":"2025-02-15T13:30:00","slug":"voce-esta-prestes-a-concluir-um-grande-projeto-nos-alpes-de-chiemgau","status":"publish","type":"post","link":"https:\/\/www.green-solutions.info\/pt-br\/voce-esta-prestes-a-concluir-um-grande-projeto-nos-alpes-de-chiemgau\/","title":{"rendered":"Voc\u00ea est\u00e1 prestes a concluir um grande projeto nos Alpes de Chiemgau!"},"content":{"rendered":"<div class=\"wpb-content-wrapper\"><p>[vc_row full_width=&#8221;stretch_row_content&#8221;][vc_column][vc_custom_heading source=&#8221;post_title&#8221; font_container=&#8221;tag:h3|text_align:left&#8221; use_theme_fonts=&#8221;yes&#8221;][vc_column_text]<\/p>\n<h2>Estamos entrando na reta final &#8211; no momento, estamos equipando os \u00faltimos pontos de partida&#8230;<\/h2>\n<p>Ap\u00f3s 4 anos de trabalho detalhado, temos o orgulho de apresentar o projeto &#8220;Chiemgau Alps Hiking Region&#8221;. Voc\u00ea se empenhou muito e investiu muita energia nesse projeto extenso. <\/p>\n<p>A<strong>qui est\u00e3o alguns fatos:<\/strong> Ap\u00f3s a fase de planejamento, h\u00e1 4 anos, e uma extensa explora\u00e7\u00e3o da regi\u00e3o, inserimos todas as trilhas de caminhada no<strong>tourinfra\u00a9<\/strong> e, com base nisso, implementamos o <strong>sistema de sinaliza\u00e7\u00e3o e orienta\u00e7\u00e3o<\/strong> de acordo com as especifica\u00e7\u00f5es do DAV. &#8220;Usando nossos modelos de impress\u00e3o, a empresa Wamic j\u00e1 produziu mais de 4.000 placas. Na etapa seguinte, os munic\u00edpios as colocaram na regi\u00e3o com a ajuda de nossas instru\u00e7\u00f5es de instala\u00e7\u00e3o.  <\/p>\n<p>O hub central de dados em todas as \u00e1reas \u00e9 <strong><a title=\"tourinfra\" href=\"https:\/\/www.green-solutions.info\/\/dienstleistungen-produkte\/tourinfra\/http:\/\/\">&#8220;tourinfra&#8221;<\/a><\/strong>.<br \/>\nAl\u00e9m do sistema de sinaliza\u00e7\u00e3o e orienta\u00e7\u00e3o, esse projeto hol\u00edstico inclui <strong>quatro mapas exclusivos de caminhadas<\/strong> em colabora\u00e7\u00e3o com nosso parceiro Kompass para as <strong>\u00e1reas de Bergen<\/strong> &#8211; <strong>Inzell<\/strong> &#8211; <strong>Reit im Winkl<\/strong> &#8211; <strong>Ruhpolding<\/strong> &#8211; <strong>Siegsdorf<\/strong>. Os h\u00f3spedes recebem mapas de alta qualidade, modernos e atualizados <strong>com perfis de altitude<\/strong> para suas atividades locais.<br \/>\nOs c\u00f3digos QR fornecidos fornecem um link ideal para os aplicativos na regi\u00e3o. O conceito geral \u00e9 finalizado com os pain\u00e9is de informa\u00e7\u00f5es em<strong>40 pontos de partida centrais<\/strong> na regi\u00e3o.<br \/>\nAs experi\u00eancias para os h\u00f3spedes come\u00e7am &#8211; al\u00e9m das informa\u00e7\u00f5es sobre o passeio, os caminhantes recebem muitas informa\u00e7\u00f5es sobre as caracter\u00edsticas especiais da regi\u00e3o de caminhada. Depois do projeto de caminhada, estamos ansiosos pelos pr\u00f3ximos projetos no setor de ciclismo e MTB na regi\u00e3o!    <\/p>\n<p><strong>Tourinfra:<\/strong> regi\u00f5es de turismo, associa\u00e7\u00f5es e profissionais de marketing de dados podem usar a solu\u00e7\u00e3o baseada na Web para criar, editar e refinar dados de passeios e infraestrutura, bem como dados de turismo. Essa solu\u00e7\u00e3o de gerenciamento \u00e9 usada atualmente em cerca de 70 regi\u00f5es na \u00c1ustria, Alemanha e It\u00e1lia. Isso inclui regi\u00f5es com grandes \u00e1reas e alto tr\u00e1fego de turistas, como os Alpes de Chiemgau, o modelo ecol\u00f3gico de Achental, a Floresta do Alto Palatinado, a Floresta da Franc\u00f4nia e a Floresta da Baviera.<br \/>\nNessas regi\u00f5es, o sistema tamb\u00e9m \u00e9 usado intensivamente para gerenciar a infraestrutura tur\u00edstica, al\u00e9m do gerenciamento de passeios. A Tourinfra ajuda voc\u00ea na concep\u00e7\u00e3o, no planejamento, no registro de passeios, na sinaliza\u00e7\u00e3o, no gerenciamento e no marketing do seu destino.[\/vc_column_text][vc_empty_space height=&#8221;24&#8243;][vc_custom_heading text=&#8221;Impress\u00f5es da &#8220;Regi\u00e3o de Caminhadas dos Alpes Chiemgau&#8220;:&#8221; font_container=&#8221;tag:h4|text_align:center&#8221; use_theme_fonts=&#8221;yes&#8221;][vc_gallery type=&#8221;nivo&#8221; interval=&#8221;3&#8243; images=&#8221;10417,10418,10662&#8243; img_size=&#8221;560*420&#8243;][vc_empty_space height=&#8221;24&#8243;][vc_custom_heading text=&#8221;Mensagens semelhantes&#8221; font_container=&#8221;tag:h4|text_align:center&#8221; use_theme_fonts=&#8221;yes&#8221;][\/vc_column][\/vc_row]<\/p>\n<\/div>","protected":false},"excerpt":{"rendered":"<p>[vc_row full_width=&#8221;stretch_row_content&#8221;][vc_column][vc_custom_heading source=&#8221;post_title&#8221; font_container=&#8221;tag:h3|text_align:left&#8221; use_theme_fonts=&#8221;yes&#8221;][vc_column_text] Estamos entrando na reta final &#8211; no momento, estamos equipando os \u00faltimos pontos de partida&#8230;&#8230;<\/p>\n","protected":false},"author":12,"featured_media":52832,"comment_status":"closed","ping_status":"closed","sticky":false,"template":"","format":"standard","meta":{"om_disable_all_campaigns":false,"_monsterinsights_skip_tracking":false,"_monsterinsights_sitenote_active":false,"_monsterinsights_sitenote_note":"","_monsterinsights_sitenote_category":0,"footnotes":""},"categories":[1291,1292,970,1290,1447],"tags":[1722,1451,1726,1640,1724,1727,1508,1317,1510],"class_list":{"0":"post-92638","1":"post","2":"type-post","3":"status-publish","4":"format-standard","5":"has-post-thumbnail","7":"category-arquivo-de-noticias","8":"category-conceito","9":"category-nao-categorizado","10":"category-referencias","11":"category-tourinfra-pt-br","12":"tag-alpes-de-chiemgau","13":"tag-chiemgau-pt-br","14":"tag-paineis","15":"tag-pranchas-de-caminhada","16":"tag-projetos","17":"tag-quadros-de-informacoes-sobre-caminhadas","18":"tag-sistema-de-orientacao","19":"tag-solucoes-ecologicas","20":"tag-tourinfra-pt-br"},"aioseo_notices":[],"menu_order":2,"_links":{"self":[{"href":"https:\/\/www.green-solutions.info\/pt-br\/wp-json\/wp\/v2\/posts\/92638","targetHints":{"allow":["GET"]}}],"collection":[{"href":"https:\/\/www.green-solutions.info\/pt-br\/wp-json\/wp\/v2\/posts"}],"about":[{"href":"https:\/\/www.green-solutions.info\/pt-br\/wp-json\/wp\/v2\/types\/post"}],"author":[{"embeddable":true,"href":"https:\/\/www.green-solutions.info\/pt-br\/wp-json\/wp\/v2\/users\/12"}],"replies":[{"embeddable":true,"href":"https:\/\/www.green-solutions.info\/pt-br\/wp-json\/wp\/v2\/comments?post=92638"}],"version-history":[{"count":0,"href":"https:\/\/www.green-solutions.info\/pt-br\/wp-json\/wp\/v2\/posts\/92638\/revisions"}],"wp:featuredmedia":[{"embeddable":true,"href":"https:\/\/www.green-solutions.info\/pt-br\/wp-json\/wp\/v2\/media\/52832"}],"wp:attachment":[{"href":"https:\/\/www.green-solutions.info\/pt-br\/wp-json\/wp\/v2\/media?parent=92638"}],"wp:term":[{"taxonomy":"category","embeddable":true,"href":"https:\/\/www.green-solutions.info\/pt-br\/wp-json\/wp\/v2\/categories?post=92638"},{"taxonomy":"post_tag","embeddable":true,"href":"https:\/\/www.green-solutions.info\/pt-br\/wp-json\/wp\/v2\/tags?post=92638"}],"curies":[{"name":"wp","href":"https:\/\/api.w.org\/{rel}","templated":true}]}}