{"id":92343,"date":"2019-10-15T17:09:01","date_gmt":"2019-10-15T15:09:01","guid":{"rendered":"https:\/\/www.green-solutions.info\/projeto-de-caminhada-na-regiao-de-zugspitz\/"},"modified":"2025-02-15T14:29:22","modified_gmt":"2025-02-15T13:29:22","slug":"projeto-de-caminhada-na-regiao-de-zugspitz","status":"publish","type":"post","link":"https:\/\/www.green-solutions.info\/pt-br\/projeto-de-caminhada-na-regiao-de-zugspitz\/","title":{"rendered":"Projeto de caminhada na regi\u00e3o de Zugspitz"},"content":{"rendered":"<div class=\"wpb-content-wrapper\"><p>[vc_row][vc_column][vc_column_text]<strong>Top of Germany &#8211; Equipe a caminho do Zugspitze<br \/>\n<\/strong><\/p>\n<p>Trabalhando onde outros praticam montanhismo &#8211; a equipe est\u00e1 atualmente no distrito de Garmisch-Partenkirchen, registrando os 1.500 quil\u00f4metros de trilhas de caminhada no distrito. No ver\u00e3o e no outono, a equipe cobriu principalmente as \u00e1reas alpinas ao redor do Zugspitze. As fotos parecem mais com um feriado&#8230; mas \u00e9 um trabalho muito extenuante, embora bonito.[\/vc_column_text][\/vc_column][\/vc_row][vc_row][vc_column][vc_images_carousel images=&#8221;31521,31520,31519,31518&#8243; img_size=&#8221;850*550&#8243; onclick=&#8221;link_no&#8221;][vc_empty_space height=&#8221;16px&#8221;][\/vc_column][\/vc_row]<\/p>\n<\/div>","protected":false},"excerpt":{"rendered":"<p>Trabalhando onde outros fazem caminhadas&#8230; a equipe da green-solutions registrando a rota<\/p>\n","protected":false},"author":12,"featured_media":82535,"comment_status":"closed","ping_status":"closed","sticky":false,"template":"","format":"standard","meta":{"om_disable_all_campaigns":false,"_monsterinsights_skip_tracking":false,"_monsterinsights_sitenote_active":false,"_monsterinsights_sitenote_note":"","_monsterinsights_sitenote_category":0,"footnotes":""},"categories":[1291,970,1290],"tags":[1448,2216,2839,2415,1510,2500,2841],"class_list":{"0":"post-92343","1":"post","2":"type-post","3":"status-publish","4":"format-standard","5":"has-post-thumbnail","7":"category-arquivo-de-noticias","8":"category-nao-categorizado","9":"category-referencias","10":"tag-deteccao-de-rota","11":"tag-pagina-inicial","12":"tag-planejamento-da-caminhada","13":"tag-regiao-de-zugspitze-pt-br","14":"tag-tourinfra-pt-br","15":"tag-trilhas-para-caminhadas","16":"tag-zugspitze-pt-br"},"aioseo_notices":[],"menu_order":548,"_links":{"self":[{"href":"https:\/\/www.green-solutions.info\/pt-br\/wp-json\/wp\/v2\/posts\/92343","targetHints":{"allow":["GET"]}}],"collection":[{"href":"https:\/\/www.green-solutions.info\/pt-br\/wp-json\/wp\/v2\/posts"}],"about":[{"href":"https:\/\/www.green-solutions.info\/pt-br\/wp-json\/wp\/v2\/types\/post"}],"author":[{"embeddable":true,"href":"https:\/\/www.green-solutions.info\/pt-br\/wp-json\/wp\/v2\/users\/12"}],"replies":[{"embeddable":true,"href":"https:\/\/www.green-solutions.info\/pt-br\/wp-json\/wp\/v2\/comments?post=92343"}],"version-history":[{"count":0,"href":"https:\/\/www.green-solutions.info\/pt-br\/wp-json\/wp\/v2\/posts\/92343\/revisions"}],"wp:featuredmedia":[{"embeddable":true,"href":"https:\/\/www.green-solutions.info\/pt-br\/wp-json\/wp\/v2\/media\/82535"}],"wp:attachment":[{"href":"https:\/\/www.green-solutions.info\/pt-br\/wp-json\/wp\/v2\/media?parent=92343"}],"wp:term":[{"taxonomy":"category","embeddable":true,"href":"https:\/\/www.green-solutions.info\/pt-br\/wp-json\/wp\/v2\/categories?post=92343"},{"taxonomy":"post_tag","embeddable":true,"href":"https:\/\/www.green-solutions.info\/pt-br\/wp-json\/wp\/v2\/tags?post=92343"}],"curies":[{"name":"wp","href":"https:\/\/api.w.org\/{rel}","templated":true}]}}