{"id":88695,"date":"2014-06-26T11:04:23","date_gmt":"2014-06-26T09:04:23","guid":{"rendered":"https:\/\/www.green-solutions.info\/ramsau-am-dachstein-conta-com-mapas-personalizados-da-green-solutions\/"},"modified":"2025-02-15T14:20:25","modified_gmt":"2025-02-15T13:20:25","slug":"ramsau-am-dachstein-conta-com-mapas-personalizados-da-green-solutions","status":"publish","type":"post","link":"https:\/\/www.green-solutions.info\/pt-br\/ramsau-am-dachstein-conta-com-mapas-personalizados-da-green-solutions\/","title":{"rendered":"Ramsau am Dachstein conta com mapas personalizados da green-solutions"},"content":{"rendered":"<div class=\"wpb-content-wrapper\"><p>[vc_row full_width=&#8221;stretch_row_content&#8221;][vc_column][vc_custom_heading source=&#8221;post_title&#8221; font_container=&#8221;tag:h3|text_align:left&#8221; use_theme_fonts=&#8221;yes&#8221;][vc_column_text]<strong>Ramsau am Dachstein &#8211; o ber\u00e7o das via ferratas!<br \/>\n<\/strong><\/p>\n<p>O principal destino na Est\u00edria <strong>, &#8220;Ramsau am Dachstein&#8221;,<\/strong> reconheceu os sinais dos tempos e est\u00e1 mudando sua produ\u00e7\u00e3o de mapas para mapas personalizados da green-solutions!<\/p>\n<p>No momento, est\u00e3o sendo produzidos novos mapas em todas as escalas para todos os folhetos informativos da associa\u00e7\u00e3o de turismo. Os mapas est\u00e3o sendo produzidos como <strong>mapas de ver\u00e3o e de inverno<\/strong>. Todas as informa\u00e7\u00f5es sobre a regi\u00e3o de Ramsau am Dachstein, como trilhas para caminhadas, trilhas para esqui cross-country e nomes de ruas, ser\u00e3o incorporadas ao <strong>banco de dados do OSM<\/strong> \u00e0 medida que o projeto avan\u00e7a.  <\/p>\n<p>Os mapas criados na identidade corporativa podem ser usados sem licen\u00e7a no futuro em todas as produ\u00e7\u00f5es impressas da associa\u00e7\u00e3o de turismo e de seus parceiros.<\/p>\n<p>Foto da capa: <a href=\"http:\/\/www.ramsau.com\/fileadmin\/pdf\/Presse\/Bilder\/Dachstein__Ramsau_von_Planai__c_Hoeflehner.jpg\" target=\"_blank\" rel=\"noopener noreferrer\"><b>(c)photo-austria.at \/ Christine H\u00f6flehner<\/b><\/a>[\/vc_column_text][vc_empty_space height=&#8221;24&#8243;][vc_custom_heading text=&#8221;O mapa OSM &#8211; para uma vis\u00e3o geral no ver\u00e3o e no inverno&#8221; font_container=&#8221;tag:h4|text_align:center&#8221; use_theme_fonts=&#8221;yes&#8221;][vc_gallery type=&#8221;nivo&#8221; interval=&#8221;3&#8243; images=&#8221;10624,10626,10627&#8243; img_size=&#8221;560*420&#8243;][vc_empty_space height=&#8221;24&#8243;][vc_custom_heading text=&#8221;Mensagens semelhantes&#8221; font_container=&#8221;tag:h4|text_align:center&#8221; use_theme_fonts=&#8221;yes&#8221;][\/vc_column][\/vc_row]<\/p>\n<\/div>","protected":false},"excerpt":{"rendered":"<p>[vc_row full_width=&#8221;stretch_row_content&#8221;][vc_column][vc_custom_heading source=&#8221;post_title&#8221; font_container=&#8221;tag:h3|text_align:left&#8221; use_theme_fonts=&#8221;yes&#8221;][vc_column_text]Ramsau am Dachstein &#8211; o ber\u00e7o das via ferratas! O principal destino na Est\u00edria , &#8220;Ramsau&#8230;<\/p>\n","protected":false},"author":1,"featured_media":52742,"comment_status":"closed","ping_status":"closed","sticky":false,"template":"","format":"standard","meta":{"om_disable_all_campaigns":false,"_monsterinsights_skip_tracking":false,"_monsterinsights_sitenote_active":false,"_monsterinsights_sitenote_note":"","_monsterinsights_sitenote_category":0,"footnotes":""},"categories":[1291,1572,970,1290],"tags":[1356,1445,1357,1358,1800,1799,1798,1317],"class_list":{"0":"post-88695","1":"post","2":"type-post","3":"status-publish","4":"format-standard","5":"has-post-thumbnail","7":"category-arquivo-de-noticias","8":"category-cartografia","9":"category-nao-categorizado","10":"category-referencias","11":"tag-cartografia-pt-br","12":"tag-cartografia-sem-licenca","13":"tag-mapas-personalizados-e-cartografia-sem-licenca","14":"tag-osm-pt-br","15":"tag-personalizado","16":"tag-ramsau-pt-br","17":"tag-ramsau-am-dachstein-pt-br","18":"tag-solucoes-ecologicas"},"aioseo_notices":[],"menu_order":2,"_links":{"self":[{"href":"https:\/\/www.green-solutions.info\/pt-br\/wp-json\/wp\/v2\/posts\/88695","targetHints":{"allow":["GET"]}}],"collection":[{"href":"https:\/\/www.green-solutions.info\/pt-br\/wp-json\/wp\/v2\/posts"}],"about":[{"href":"https:\/\/www.green-solutions.info\/pt-br\/wp-json\/wp\/v2\/types\/post"}],"author":[{"embeddable":true,"href":"https:\/\/www.green-solutions.info\/pt-br\/wp-json\/wp\/v2\/users\/1"}],"replies":[{"embeddable":true,"href":"https:\/\/www.green-solutions.info\/pt-br\/wp-json\/wp\/v2\/comments?post=88695"}],"version-history":[{"count":0,"href":"https:\/\/www.green-solutions.info\/pt-br\/wp-json\/wp\/v2\/posts\/88695\/revisions"}],"wp:featuredmedia":[{"embeddable":true,"href":"https:\/\/www.green-solutions.info\/pt-br\/wp-json\/wp\/v2\/media\/52742"}],"wp:attachment":[{"href":"https:\/\/www.green-solutions.info\/pt-br\/wp-json\/wp\/v2\/media?parent=88695"}],"wp:term":[{"taxonomy":"category","embeddable":true,"href":"https:\/\/www.green-solutions.info\/pt-br\/wp-json\/wp\/v2\/categories?post=88695"},{"taxonomy":"post_tag","embeddable":true,"href":"https:\/\/www.green-solutions.info\/pt-br\/wp-json\/wp\/v2\/tags?post=88695"}],"curies":[{"name":"wp","href":"https:\/\/api.w.org\/{rel}","templated":true}]}}