{"id":88135,"date":"2014-12-04T13:01:08","date_gmt":"2014-12-04T12:01:08","guid":{"rendered":"https:\/\/www.green-solutions.info\/in-loco-con-competenza-e-tecnologia\/"},"modified":"2025-02-15T14:18:53","modified_gmt":"2025-02-15T13:18:53","slug":"in-loco-con-competenza-e-tecnologia","status":"publish","type":"post","link":"https:\/\/www.green-solutions.info\/it\/in-loco-con-competenza-e-tecnologia\/","title":{"rendered":"In loco con competenza e tecnologia"},"content":{"rendered":"<div class=\"wpb-content-wrapper\"><p>[vc_row full_width=&#8221;stretch_row_content&#8221;][vc_column][vc_custom_heading source=&#8221;post_title&#8221; font_container=&#8221;tag:h3|text_align:left&#8221; use_theme_fonts=&#8221;yes&#8221;][vc_column_text]Dal Golf- und Thermenland al Chiemgau, dalla Lechtal e le Alpi dell&#8217;Allg\u00e4u al Dachstein&#8230; Attualmente stiamo lavorando sodo per i nostri clienti nella pianificazione di itinerari e sistemi di guida.<\/p>\n<p>Il focus 1 \u00e8 il settore ciclistico: Chiemgau-Tourismus \u00e8 gi\u00e0 in dirittura d&#8217;arrivo per diventare una <strong>Regione ADFC Cycle-Travel<\/strong>: il materiale \u00e8 in fase di ordinazione e la segnaletica ciclistica prevista per l&#8217;estate \u00e8 in fase di consegna tramite il nostro <strong><a title=\"\"tourinfra\"\" href=\"https:\/\/www.green-solutions.info\/it\/?attachment_id=83421\">tourinfra<\/a><\/strong><br \/>\nNella Baviera orientale, anch&#8217;essa in dirittura d&#8217;arrivo verso la creazione di <strong>percorsi ciclabili di qualit\u00e0 ADFC<\/strong>, qualche settimana fa abbiamo completato la registrazione dei percorsi per il Golf- und Thermenland e il F\u00fcnf-Fl\u00fcsse-Radweg. Durante la registrazione dei percorsi ciclabili, abbiamo registrato sia la segnaletica che le condizioni del percorso sul terreno. Uno degli strumenti pi\u00f9 importanti \u00e8 stato il nostro tourinfra in combinazione con l&#8217;app del nostro partner <a title=\"topplan\" href=\"http:\/\/wwww.topplan.de\" target=\"_blank\" rel=\"noopener noreferrer\">topplan<\/a>. Questo ci ha permesso di raccogliere dati in modo rapido e sistematico sul posto. Sulla base dei dati raccolti, stiamo preparando il piano di segnaletica secondo le specifiche ADFC.    <\/p>\n<p>Parallelamente al tema del ciclismo, una parte del nostro team sta viaggiando in montagna insieme a topplan e sta preparando dei <strong>piacevoli percorsi di trekking invernale<\/strong> nelle valli dell&#8217;Allg\u00e4u e della Lechtal, nonch\u00e9 dei <strong>croccanti tour sciistici<\/strong> in Stiria per la prossima stagione invernale. Dopo aver pianificato e registrato i percorsi, nelle prossime settimane produrremo e consegneremo la segnaletica e il materiale pubblicitario basato su di essa. Il nostro tourinfra \u00e8 il centro dati di tutti i progetti. Oltre al registro della segnaletica e ai modelli di stampa per i produttori di cartelli, fornisce anche i geodati per il flusso di lavoro basato su questi per la creazione delle nostre mappe personalizzate senza licenza.   <\/p>\n<p>Per la primavera, abbiamo gi\u00e0 pianificato altri progetti nell&#8217;area di pianificazione insieme a <strong><a title=\"topplan\" href=\"http:\/\/wwww.topplan.de\" target=\"_blank\" rel=\"noopener noreferrer\">topplan<\/a><\/strong> nel calendario. Ti terremo aggiornato. <\/p>\n<h4>Aree di pianificazione:<\/h4>\n<h4>[mappress mapid=&#8221;25&#8243;]<\/h4>\n<p>[\/vc_column_text][vc_empty_space height=&#8221;24&#8243;][vc_custom_heading text=&#8221;In viaggio con competenza e tecnologia:&#8221; font_container=&#8221;tag:h4|text_align:center&#8221; use_theme_fonts=&#8221;yes&#8221;][vc_gallery type=&#8221;nivo&#8221; interval=&#8221;3&#8243; images=&#8221;10462,10463,10464,10465,10466&#8243; img_size=&#8221;560*420&#8243;][vc_empty_space height=&#8221;24&#8243;][vc_custom_heading text=&#8221;Messaggi simili&#8221; font_container=&#8221;tag:h4|text_align:center&#8221; use_theme_fonts=&#8221;yes&#8221;][\/vc_column][\/vc_row]<\/p>\n<\/div>","protected":false},"excerpt":{"rendered":"<p>[vc_row full_width=&#8221;stretch_row_content&#8221;][vc_column][vc_custom_heading source=&#8221;post_title&#8221; font_container=&#8221;tag:h3|text_align:left&#8221; use_theme_fonts=&#8221;yes&#8221;][vc_column_text]Dal Golf- und Thermenland al Chiemgau, dalla Lechtal e le Alpi dell&#8217;Allg\u00e4u al Dachstein&#8230; Attualmente stiamo&#8230;<\/p>\n","protected":false},"author":1,"featured_media":52795,"comment_status":"closed","ping_status":"closed","sticky":false,"template":"","format":"standard","meta":{"om_disable_all_campaigns":false,"_monsterinsights_skip_tracking":false,"_monsterinsights_sitenote_active":false,"_monsterinsights_sitenote_note":"","_monsterinsights_sitenote_category":0,"footnotes":""},"categories":[1297,1298,972,1296,1454],"tags":[1457,1458,1459,1456,1455],"class_list":{"0":"post-88135","1":"post","2":"type-post","3":"status-publish","4":"format-standard","5":"has-post-thumbnail","7":"category-archivio-notizie","8":"category-concetto","9":"category-non-categorizzato","10":"category-riferimenti","11":"category-tourinfra-it","12":"tag-adfc-it","13":"tag-chiemgau-it","14":"tag-cicloviaggio-regione","15":"tag-piste-ciclabili","16":"tag-rilevamento-del-percorso"},"aioseo_notices":[],"menu_order":0,"_links":{"self":[{"href":"https:\/\/www.green-solutions.info\/it\/wp-json\/wp\/v2\/posts\/88135","targetHints":{"allow":["GET"]}}],"collection":[{"href":"https:\/\/www.green-solutions.info\/it\/wp-json\/wp\/v2\/posts"}],"about":[{"href":"https:\/\/www.green-solutions.info\/it\/wp-json\/wp\/v2\/types\/post"}],"author":[{"embeddable":true,"href":"https:\/\/www.green-solutions.info\/it\/wp-json\/wp\/v2\/users\/1"}],"replies":[{"embeddable":true,"href":"https:\/\/www.green-solutions.info\/it\/wp-json\/wp\/v2\/comments?post=88135"}],"version-history":[{"count":0,"href":"https:\/\/www.green-solutions.info\/it\/wp-json\/wp\/v2\/posts\/88135\/revisions"}],"wp:featuredmedia":[{"embeddable":true,"href":"https:\/\/www.green-solutions.info\/it\/wp-json\/wp\/v2\/media\/52795"}],"wp:attachment":[{"href":"https:\/\/www.green-solutions.info\/it\/wp-json\/wp\/v2\/media?parent=88135"}],"wp:term":[{"taxonomy":"category","embeddable":true,"href":"https:\/\/www.green-solutions.info\/it\/wp-json\/wp\/v2\/categories?post=88135"},{"taxonomy":"post_tag","embeddable":true,"href":"https:\/\/www.green-solutions.info\/it\/wp-json\/wp\/v2\/tags?post=88135"}],"curies":[{"name":"wp","href":"https:\/\/api.w.org\/{rel}","templated":true}]}}