{"id":92587,"date":"2015-05-04T09:29:15","date_gmt":"2015-05-04T07:29:15","guid":{"rendered":"https:\/\/www.green-solutions.info\/le-grand-projet-des-alpes-de-chiemgau-sur-le-point-detre-acheve\/"},"modified":"2025-02-15T14:29:59","modified_gmt":"2025-02-15T13:29:59","slug":"le-grand-projet-des-alpes-de-chiemgau-sur-le-point-detre-acheve","status":"publish","type":"post","link":"https:\/\/www.green-solutions.info\/fr\/le-grand-projet-des-alpes-de-chiemgau-sur-le-point-detre-acheve\/","title":{"rendered":"Le grand projet des Alpes de Chiemgau sur le point d&rsquo;\u00eatre achev\u00e9 !"},"content":{"rendered":"<div class=\"wpb-content-wrapper\"><p>[vc_row full_width=\u00a0\u00bbstretch_row_content\u00a0\u00bb][vc_column][vc_custom_heading source=\u00a0\u00bbpost_title\u00a0\u00bb font_container=\u00a0\u00bbtag:h3|text_align:left\u00a0\u00bb use_theme_fonts=\u00a0\u00bbyes\u00a0\u00bb][vc_column_text]<\/p>\n<h2>Nous entamons la derni\u00e8re ligne droite &#8211; nous \u00e9quipons actuellement les derniers points de sortie&#8230;<\/h2>\n<p>Apr\u00e8s 4 ans de travail d\u00e9taill\u00e9, nous sommes fiers de pr\u00e9senter le projet \u00ab\u00a0R\u00e9gion de randonn\u00e9e des Alpes de Chiemgau\u00a0\u00bb. Beaucoup d&rsquo;engagement et d&rsquo;\u00e9nergie ont \u00e9t\u00e9 investis dans ce vaste projet. <\/p>\n<p><strong>Voici quelques faits :<\/strong><br \/>\nApr\u00e8s la phase de planification il y a 4 ans et une exploration approfondie de la r\u00e9gion, nous avons int\u00e9gr\u00e9 tous les sentiers de randonn\u00e9e dans <strong>tourinfra\u00a9<\/strong> et, sur cette base, nous avons mis en place le <strong>syst\u00e8me de signalisation et de guidage<\/strong>, conform\u00e9ment aux directives du DAV. \u00ab\u00a0Nous nous occupons de l&rsquo;infrastructure\u00a0\u00bb. Depuis, l&rsquo;entreprise Wamic a produit plus de 4000 panneaux sur la base de nos mod\u00e8les d&rsquo;impression. L&rsquo;\u00e9tape suivante a consist\u00e9 pour les communes \u00e0 les placer dans la r\u00e9gion \u00e0 l&rsquo;aide de nos instructions de montage.  <\/p>\n<p>La plaque tournante centrale des donn\u00e9es dans tous les domaines est ici <strong><a title=\"tourinfra\" href=\"https:\/\/www.green-solutions.info\/\/dienstleistungen-produkte\/tourinfra\/http:\/\/\">\u00ab\u00a0tourinfra\u00a0\u00bb<\/a><\/strong>. Les r\u00e9dacteurs de la r\u00e9gion des Alpes de Chiemgau alimentent le programme de gestion des itin\u00e9raires et des infrastructures depuis maintenant 4 ans.<br \/>\nCe projet global comprend, outre le syst\u00e8me de signalisation et de guidage <strong>, quatre cartes de randonn\u00e9e exclusives<\/strong> en collaboration avec notre partenaire Kompass pour les <strong>r\u00e9gions de Bergen<\/strong> &#8211; <strong>Inzell<\/strong> &#8211; <strong>Reit im Winkl<\/strong> &#8211; <strong>Ruhpolding<\/strong> &#8211; <strong>Siegsdorf<\/strong>. Les h\u00f4tes re\u00e7oivent des cartes de haute qualit\u00e9, modernes et tr\u00e8s actuelles <strong>avec des profils d&rsquo;altitude<\/strong> pour leurs activit\u00e9s sur place. Les codes QR mis \u00e0 disposition permettent un lien optimal avec les applications de la r\u00e9gion.<br \/>\nLe concept global est finalis\u00e9 par des panneaux d&rsquo;information situ\u00e9s \u00e0 <strong>40 points de d\u00e9part centraux<\/strong> dans la r\u00e9gion. L&rsquo;exp\u00e9rience pour les visiteurs commence &#8211; en plus des informations sur les circuits, le randonneur re\u00e7oit de nombreuses informations sur les particularit\u00e9s de la r\u00e9gion de randonn\u00e9e.<br \/>\nApr\u00e8s le projet de randonn\u00e9e, nous nous r\u00e9jouissons des projets \u00e0 venir dans le domaine du v\u00e9lo et du VTT dans la r\u00e9gion !    <\/p>\n<p><strong>Tourinfra :<\/strong> gr\u00e2ce \u00e0 cette solution bas\u00e9e sur le web, les r\u00e9gions touristiques, les associations et les soci\u00e9t\u00e9s de commercialisation de donn\u00e9es peuvent cr\u00e9er, \u00e9diter et valoriser les tours et les donn\u00e9es d&rsquo;infrastructure ainsi que les donn\u00e9es touristiques. Cette solution de gestion est actuellement utilis\u00e9e dans environ 70 r\u00e9gions en Autriche, en Allemagne et en Italie. Parmi elles, on trouve des r\u00e9gions de grande superficie et tr\u00e8s fr\u00e9quent\u00e9es par les touristes, comme les Alpes de Chiemgau, \u00d6komodell Achental, la For\u00eat du Haut-Palatinat, la For\u00eat de Franconie et la For\u00eat bavaroise. Dans ces r\u00e9gions, le syst\u00e8me est \u00e9galement utilis\u00e9 de mani\u00e8re intensive pour la gestion de l&rsquo;infrastructure touristique, parall\u00e8lement \u00e0 la gestion des tours.<br \/>\nTourinfra vous aide dans la conception, la planification, la saisie des tours, la signalisation, la gestion et la commercialisation de votre destination.[\/vc_column_text][vc_empty_space height=\u00a0\u00bb24&Prime;][vc_custom_heading text=\u00a0\u00bbImpressions de la \u00ab\u00a0r\u00e9gion de randonn\u00e9e des Alpes de Chiemgau\u00ab\u00a0 :\u00a0\u00bb font_container=\u00a0\u00bbtag:h4|text_align:center\u00a0\u00bb use_theme_fonts=\u00a0\u00bbyes\u00a0\u00bb][vc_gallery type=\u00a0\u00bbnivo\u00a0\u00bb interval=\u00a0\u00bb3&Prime; images=\u00a0\u00bb10417,10418,10662&Prime; img_size=\u00a0\u00bb560*420&Prime;][vc_empty_space height=\u00a0\u00bb24&Prime;][vc_custom_heading text=\u00a0\u00bbMessages similaires\u00a0\u00bb font_container=\u00a0\u00bbtag:h4|text_align:center\u00a0\u00bb use_theme_fonts=\u00a0\u00bbyes\u00a0\u00bb][\/vc_column][\/vc_row]<\/p>\n<\/div>","protected":false},"excerpt":{"rendered":"<p>[vc_row full_width=\u00a0\u00bbstretch_row_content\u00a0\u00bb][vc_column][vc_custom_heading source=\u00a0\u00bbpost_title\u00a0\u00bb font_container=\u00a0\u00bbtag:h3|text_align:left\u00a0\u00bb use_theme_fonts=\u00a0\u00bbyes\u00a0\u00bb][vc_column_text] Nous entamons la derni\u00e8re ligne droite &#8211; nous \u00e9quipons actuellement les derniers points de sortie&#8230;&#8230;<\/p>\n","protected":false},"author":12,"featured_media":52830,"comment_status":"closed","ping_status":"closed","sticky":false,"template":"","format":"standard","meta":{"om_disable_all_campaigns":false,"_monsterinsights_skip_tracking":false,"_monsterinsights_sitenote_active":false,"_monsterinsights_sitenote_note":"","_monsterinsights_sitenote_category":0,"footnotes":""},"categories":[1303,1304,971,1302,1461],"tags":[1688,724,23,1694,1661,1690,1545,1692,55],"class_list":{"0":"post-92587","1":"post","2":"type-post","3":"status-publish","4":"format-standard","5":"has-post-thumbnail","7":"category-archives-des-actualites","8":"category-conception","9":"category-non-classifiee","10":"category-references","11":"category-tourinfra-fr","12":"tag-alpes-du-chiemgau","13":"tag-chiemgau","14":"tag-green-solutions","15":"tag-panneaux-dinformation-sur-les-randonnees","16":"tag-panneaux-de-randonnee","17":"tag-projets","18":"tag-systeme-de-guidage","19":"tag-tableaux","20":"tag-tourinfra"},"aioseo_notices":[],"menu_order":2,"_links":{"self":[{"href":"https:\/\/www.green-solutions.info\/fr\/wp-json\/wp\/v2\/posts\/92587","targetHints":{"allow":["GET"]}}],"collection":[{"href":"https:\/\/www.green-solutions.info\/fr\/wp-json\/wp\/v2\/posts"}],"about":[{"href":"https:\/\/www.green-solutions.info\/fr\/wp-json\/wp\/v2\/types\/post"}],"author":[{"embeddable":true,"href":"https:\/\/www.green-solutions.info\/fr\/wp-json\/wp\/v2\/users\/12"}],"replies":[{"embeddable":true,"href":"https:\/\/www.green-solutions.info\/fr\/wp-json\/wp\/v2\/comments?post=92587"}],"version-history":[{"count":0,"href":"https:\/\/www.green-solutions.info\/fr\/wp-json\/wp\/v2\/posts\/92587\/revisions"}],"wp:featuredmedia":[{"embeddable":true,"href":"https:\/\/www.green-solutions.info\/fr\/wp-json\/wp\/v2\/media\/52830"}],"wp:attachment":[{"href":"https:\/\/www.green-solutions.info\/fr\/wp-json\/wp\/v2\/media?parent=92587"}],"wp:term":[{"taxonomy":"category","embeddable":true,"href":"https:\/\/www.green-solutions.info\/fr\/wp-json\/wp\/v2\/categories?post=92587"},{"taxonomy":"post_tag","embeddable":true,"href":"https:\/\/www.green-solutions.info\/fr\/wp-json\/wp\/v2\/tags?post=92587"}],"curies":[{"name":"wp","href":"https:\/\/api.w.org\/{rel}","templated":true}]}}