{"id":89135,"date":"2013-07-25T22:00:11","date_gmt":"2013-07-25T20:00:11","guid":{"rendered":"https:\/\/www.green-solutions.info\/projet-de-velo-lkr-traunstein\/"},"modified":"2025-02-15T14:21:22","modified_gmt":"2025-02-15T13:21:22","slug":"projet-de-velo-lkr-traunstein","status":"publish","type":"post","link":"https:\/\/www.green-solutions.info\/fr\/projet-de-velo-lkr-traunstein\/","title":{"rendered":"Projet de v\u00e9lo Lkr. Traunstein"},"content":{"rendered":"<div class=\"wpb-content-wrapper\"><p>[vc_row full_width=\u00a0\u00bbstretch_row_content\u00a0\u00bb][vc_column][vc_custom_heading source=\u00a0\u00bbpost_title\u00a0\u00bb font_container=\u00a0\u00bbtag:h3|text_align:left\u00a0\u00bb use_theme_fonts=\u00a0\u00bbyes\u00a0\u00bb][vc_column_text]Lancement de la planification du trafic cycliste \u00e0 l&rsquo;\u00e9chelle du district de Chiemgau. Cet \u00e9t\u00e9, Green-Solutions a remport\u00e9 un contrat pour la reconception des pistes cyclables dans le district de Traunstein et la mise en place d&rsquo;une nouvelle signalisation. Le projet sera mis en \u0153uvre dans le deuxi\u00e8me plus grand district de Bavi\u00e8re en collaboration avec la soci\u00e9t\u00e9 <a title=\"Bureau d'\u00e9tudes Topplan\" href=\"http:\/\/www.topplan.de\" target=\"_blank\" rel=\"noopener noreferrer\">topplan<\/a>. Le coup d&rsquo;envoi de ce grand projet a \u00e9t\u00e9 donn\u00e9 en juillet \u00e0 Traunstein. Toutes les municipalit\u00e9s, les autorit\u00e9s et les experts en cyclisme impliqu\u00e9s \u00e9taient pr\u00e9sents lors de la pr\u00e9sentation du projet. Le projet est actuellement mis en \u0153uvre en \u00e9troite collaboration avec toutes les municipalit\u00e9s. La mise en place des nouveaux panneaux est pr\u00e9vue pour l&rsquo;ann\u00e9e prochaine. La structure administrative centrale est \u00ab\u00a0tourinfra\u00a0\u00bb dans le cadre du projet. Nous nous r\u00e9jouissons, avec topplan, des t\u00e2ches \u00e0 venir dans le Chiemgau.        <\/p>\n<p>[mappress mapid=\u00a0\u00bb2&Prime;][\/vc_column_text][vc_empty_space height=\u00a0\u00bb24&Prime;][vc_custom_heading text=\u00a0\u00bbPr\u00e9sentation du projet dans le Chiemgau :\u00a0\u00bb font_container=\u00a0\u00bbtag:h4|text_align:center\u00a0\u00bb use_theme_fonts=\u00a0\u00bbyes\u00a0\u00bb][vc_gallery type=\u00a0\u00bbnivo\u00a0\u00bb interval=\u00a0\u00bb3&Prime; images=\u00a0\u00bb10775,10776,10777,10778,10779,10780,10781,10773&Prime; img_size=\u00a0\u00bb560*420&Prime;][vc_empty_space height=\u00a0\u00bb24&Prime;][vc_custom_heading text=\u00a0\u00bbMessages similaires\u00a0\u00bb font_container=\u00a0\u00bbtag:h4|text_align:center\u00a0\u00bb use_theme_fonts=\u00a0\u00bbyes\u00a0\u00bb][\/vc_column][\/vc_row]<\/p>\n<\/div>","protected":false},"excerpt":{"rendered":"<p>[vc_row full_width=\u00a0\u00bbstretch_row_content\u00a0\u00bb][vc_column][vc_custom_heading source=\u00a0\u00bbpost_title\u00a0\u00bb font_container=\u00a0\u00bbtag:h3|text_align:left\u00a0\u00bb use_theme_fonts=\u00a0\u00bbyes\u00a0\u00bb][vc_column_text]Lancement de la planification du trafic cycliste \u00e0 l&rsquo;\u00e9chelle du district de Chiemgau. Cet \u00e9t\u00e9, Green-Solutions&#8230;<\/p>\n","protected":false},"author":1,"featured_media":53136,"comment_status":"closed","ping_status":"open","sticky":false,"template":"","format":"standard","meta":{"om_disable_all_campaigns":false,"_monsterinsights_skip_tracking":false,"_monsterinsights_sitenote_active":false,"_monsterinsights_sitenote_note":"","_monsterinsights_sitenote_category":0,"footnotes":""},"categories":[1303,1304,971,1302],"tags":[1915,1914,1546,1463,1917,1545,1919],"class_list":{"0":"post-89135","1":"post","2":"type-post","3":"status-publish","4":"format-standard","5":"has-post-thumbnail","7":"category-archives-des-actualites","8":"category-conception","9":"category-non-classifiee","10":"category-references","11":"tag-circulation-a-velo","12":"tag-concepts-cyclables","13":"tag-concepts-de-plein-air","14":"tag-pistes-cyclables","15":"tag-signalisation-pour-les-cyclistes","16":"tag-systeme-de-guidage","17":"tag-traunstein-fr"},"aioseo_notices":[],"menu_order":2,"_links":{"self":[{"href":"https:\/\/www.green-solutions.info\/fr\/wp-json\/wp\/v2\/posts\/89135","targetHints":{"allow":["GET"]}}],"collection":[{"href":"https:\/\/www.green-solutions.info\/fr\/wp-json\/wp\/v2\/posts"}],"about":[{"href":"https:\/\/www.green-solutions.info\/fr\/wp-json\/wp\/v2\/types\/post"}],"author":[{"embeddable":true,"href":"https:\/\/www.green-solutions.info\/fr\/wp-json\/wp\/v2\/users\/1"}],"replies":[{"embeddable":true,"href":"https:\/\/www.green-solutions.info\/fr\/wp-json\/wp\/v2\/comments?post=89135"}],"version-history":[{"count":0,"href":"https:\/\/www.green-solutions.info\/fr\/wp-json\/wp\/v2\/posts\/89135\/revisions"}],"wp:featuredmedia":[{"embeddable":true,"href":"https:\/\/www.green-solutions.info\/fr\/wp-json\/wp\/v2\/media\/53136"}],"wp:attachment":[{"href":"https:\/\/www.green-solutions.info\/fr\/wp-json\/wp\/v2\/media?parent=89135"}],"wp:term":[{"taxonomy":"category","embeddable":true,"href":"https:\/\/www.green-solutions.info\/fr\/wp-json\/wp\/v2\/categories?post=89135"},{"taxonomy":"post_tag","embeddable":true,"href":"https:\/\/www.green-solutions.info\/fr\/wp-json\/wp\/v2\/tags?post=89135"}],"curies":[{"name":"wp","href":"https:\/\/api.w.org\/{rel}","templated":true}]}}