{"id":95122,"date":"2016-10-21T11:29:55","date_gmt":"2016-10-21T09:29:55","guid":{"rendered":"https:\/\/www.green-solutions.info\/bischofshofen-se-prepara-para-la-proxima-temporada-de-turismo\/"},"modified":"2025-02-15T14:36:26","modified_gmt":"2025-02-15T13:36:26","slug":"bischofshofen-se-prepara-para-la-proxima-temporada-de-turismo","status":"publish","type":"post","link":"https:\/\/www.green-solutions.info\/es\/bischofshofen-se-prepara-para-la-proxima-temporada-de-turismo\/","title":{"rendered":"Bischofshofen se prepara para la pr\u00f3xima temporada de turismo"},"content":{"rendered":"<div class=\"wpb-content-wrapper\"><p>[vc_row full_width=\u00bbstretch_row_content\u00bb css=\u00bb.vc_custom_1583611802660{margin-right: 0px !important;margin-bottom: 0px !important;margin-left: 0px !important;}\u00bb][vc_column width=\u00bb1\/3&#8243; css=\u00bb.vc_custom_1583611287076{padding-bottom: 404px !important;background-position: center !important;background-repeat: no-repeat !important;background-size: cover !important;}\u00bb][vc_custom_heading text=\u00bbColaboraci\u00f3n de ARGE Esqu\u00ed de Monta\u00f1a en una nueva oferta\u00bb font_container=\u00bbtag:h3|text_align:left\u00bb use_theme_fonts=\u00bbyes\u00bb][vc_column_text]<\/p>\n<div class=\"container clearfix\">\n<div id=\"main-area\">\n<article class=\"entry clearfix\">El invierno est\u00e1 a la vuelta de la esquina y Bischofshofen se prepara para la pr\u00f3xima temporada invernal. Esto no es nada inusual, pero Bischofshofen se est\u00e1 preparando para la avalancha de turistas de esqu\u00ed. Bischofshofen ha reconocido la tendencia y en el futuro se centrar\u00e1 cada vez m\u00e1s en este grupo objetivo. Bischofshofen, al pie del Hochk\u00f6nig, es el punto de partida central de toda una serie de excursiones de esqu\u00ed alpino y de alta monta\u00f1a, y actualmente se est\u00e1n se\u00f1alizando dos rutas de esqu\u00ed para ofrecer a los principiantes la oportunidad de practicar el esqu\u00ed de traves\u00eda. Se est\u00e1 utilizando el sistema de se\u00f1alizaci\u00f3n desarrollado por ARGE Ski Mountaineering, que ya se utiliza en otras regiones. La se\u00f1alizaci\u00f3n por parte del servicio de rescate de monta\u00f1a de Bischofshofen est\u00e1 casi terminada. Ahora s\u00f3lo es cuesti\u00f3n de esperar a las primeras nieves para acometer los dos recorridos <a title=\"Knappensteig-Mosott\" href=\"http:\/\/www.skitourengehen.info\/p2\/touren\/details.php?tourid=46404\" target=\"_blank\" rel=\"noopener noreferrer\">\u00abKnappensteig-Mosott\u00bb<\/a> y el <a title=\"Cu\u00f1a alta\" href=\"http:\/\/www.skitourengehen.info\/p2\/touren\/details.php?tourid=41578\" target=\"_blank\" rel=\"noopener noreferrer\">\u00abHochkeil<\/a> \u00ab.<br \/>\nSe han planificado m\u00e1s rutas de esqu\u00ed para el transcurso de la temporada. El sitio web<a title=\"Regi\u00f3n tur\u00edstica de Bischofshofen\" href=\"http:\/\/www.skitourengehen.info\/p2\/skitouren-region\/regionen\/2013_02_02_Bischofshofen.php\" target=\"_blank\" rel=\"noopener noreferrer\">skitourengehen.info<\/a> ofrece una visi\u00f3n completa de las opciones de esqu\u00ed de traves\u00eda en la regi\u00f3n que rodea Bischofshofen.       <\/article>\n<\/div>\n<div id=\"sidebar\"><\/div>\n<\/div>\n<p>[\/vc_column_text][\/vc_column][vc_column width=\u00bb2\/3&#8243; css=\u00bb.vc_custom_1457788939445{padding-bottom: 20px !important;padding-left: 42px !important;}\u00bb offset=\u00bbvc_col-lg-offset-0&#8243;]<style>.gem-gallery-grid#style-69f475d8e1a74 .gallery-item { padding: calc(5px\/2) !important; }.gem-gallery-grid#style-69f475d8e1a74 .gallery-set { margin-top: calc(-5px\/2); margin-bottom: calc(-5px\/2); }.gem-gallery-grid#style-69f475d8e1a74 .not-fullwidth-block .gallery-set, .gem-gallery-grid#style-69f475d8e1a74 .not-fullwidth-block .portfolio-item-size-container { margin-left: calc(-5px\/2); margin-right: calc(-5px\/2); }.gem-gallery-grid#style-69f475d8e1a74 .fullwidth-block { padding-left: calc(5px\/2); padding-right: calc(5px\/2); }.gem-gallery-grid#style-69f475d8e1a74 .portfolio-filters { text-align: center }<\/style><div id=\"style-preloader-69f475d8e1a74\" class=\"preloader save-space\"><div class=\"preloader-spin\"><\/div><\/div> <div class=\"gallery-preloader-wrapper\"> <div class=\"row\"> <div id=\"style-69f475d8e1a74\" class=\"gem-gallery-grid col-lg-12 col-md-12 col-sm-12 gallery-style-justified hover-horizontal-sliding columns-2 columns-tablet-2 columns-mobile-1 gaps-margin \" data-hover=\"horizontal-sliding\" data-uid=\"69f475d8e1a74\" data-filter=\"[]\"> <div class=\"portfolio not-fullwidth-block \"> <ul class=\"gallery-set clearfix\" data-max-row-height=\"380\"> <li class=\"gallery-item gallery-0 col-xs-12 col-sm-6 col-md-6 single-icon post-95122 post type-post status-publish format-standard has-post-thumbnail category-arge-esqui-de-montana\" style=\"\"> <div class=\"wrap gem-wrapbox-style-default\"> <div class=\"overlay-wrap\"> <div class=\"image-wrap \"> <picture> <source srcset=\"https:\/\/www.green-solutions.info\/wp-content\/uploads\/2020\/06\/Dynafit_Pitztaler-Gletscher_Bahnen-7340-1-scaled-thegem-product-justified-square-xl.jpg 1x\" sizes=\"100vw\"> <img src=\"https:\/\/www.green-solutions.info\/wp-content\/uploads\/2020\/06\/Dynafit_Pitztaler-Gletscher_Bahnen-7340-1-scaled-thegem-product-justified-square-xl.jpg\" width=\"700\" height=\"700\" class=\"attachment-thegem-product-justified-square-xl\" alt=\"Dynafit_Pitztaler-Gletscher_Bahnen-7340-1\" \/> <\/picture> <\/div> <div class=\"overlay \"> <div class=\"overlay-circle\"><\/div> <a href=\"https:\/\/www.green-solutions.info\/wp-content\/uploads\/2020\/06\/Dynafit_Pitztaler-Gletscher_Bahnen-7340-1-scaled.jpg\" class=\"gallery-item-link fancy-gallery\" data-fancybox=\"gallery-69f475d8e1a74\" aria-label=\"Fullsize Image: Dynafit_Pitztaler-Gletscher_Bahnen-7340-1\"> <span class=\"slide-info\"> <\/span> <\/a> <div class=\"overlay-content\"> <div class=\"overlay-content-center\"> <div class=\"overlay-content-inner\"> <a href=\"https:\/\/www.green-solutions.info\/wp-content\/uploads\/2020\/06\/Dynafit_Pitztaler-Gletscher_Bahnen-7340-1-scaled.jpg\" class=\"icon photo \" aria-label=\"Fullsize Image: Dynafit_Pitztaler-Gletscher_Bahnen-7340-1\"> <\/a> <div class=\"overlay-line\"><\/div> <\/div> <\/div> <\/div> <\/div> <\/div> <\/div> <\/li> <li class=\"gallery-item gallery-0 col-xs-12 col-sm-6 col-md-6 single-icon post-95122 post type-post status-publish format-standard has-post-thumbnail category-arge-esqui-de-montana\" style=\"\"> <div class=\"wrap gem-wrapbox-style-default\"> <div class=\"overlay-wrap\"> <div class=\"image-wrap \"> <picture> <source srcset=\"https:\/\/www.green-solutions.info\/wp-content\/uploads\/2020\/06\/Dynafit_Pitztaler-Gletscher_Bahnen-7362-scaled-thegem-product-justified-square-xl.jpg 1x\" sizes=\"100vw\"> <img src=\"https:\/\/www.green-solutions.info\/wp-content\/uploads\/2020\/06\/Dynafit_Pitztaler-Gletscher_Bahnen-7362-scaled-thegem-product-justified-square-xl.jpg\" width=\"700\" height=\"700\" class=\"attachment-thegem-product-justified-square-xl\" alt=\"Dynafit_Pitztaler-Gletscher_Bahnen-7362\" \/> <\/picture> <\/div> <div class=\"overlay \"> <div class=\"overlay-circle\"><\/div> <a href=\"https:\/\/www.green-solutions.info\/wp-content\/uploads\/2020\/06\/Dynafit_Pitztaler-Gletscher_Bahnen-7362-scaled.jpg\" class=\"gallery-item-link fancy-gallery\" data-fancybox=\"gallery-69f475d8e1a74\" aria-label=\"Fullsize Image: Dynafit_Pitztaler-Gletscher_Bahnen-7362\"> <span class=\"slide-info\"> <\/span> <\/a> <div class=\"overlay-content\"> <div class=\"overlay-content-center\"> <div class=\"overlay-content-inner\"> <a href=\"https:\/\/www.green-solutions.info\/wp-content\/uploads\/2020\/06\/Dynafit_Pitztaler-Gletscher_Bahnen-7362-scaled.jpg\" class=\"icon photo \" aria-label=\"Fullsize Image: Dynafit_Pitztaler-Gletscher_Bahnen-7362\"> <\/a> <div class=\"overlay-line\"><\/div> <\/div> <\/div> <\/div> <\/div> <\/div> <\/div> <\/li> <li class=\"gallery-item gallery-0 col-xs-12 col-sm-6 col-md-6 single-icon post-95122 post type-post status-publish format-standard has-post-thumbnail category-arge-esqui-de-montana\" style=\"\"> <div class=\"wrap gem-wrapbox-style-default\"> <div class=\"overlay-wrap\"> <div class=\"image-wrap \"> <picture> <source srcset=\"https:\/\/www.green-solutions.info\/wp-content\/uploads\/2020\/06\/Skitourenpark-Pitztal-_-Motiv-02-_-Bild-TVB-Pitztal-1-thegem-product-justified-square-xl.jpg 1x\" sizes=\"100vw\"> <img src=\"https:\/\/www.green-solutions.info\/wp-content\/uploads\/2020\/06\/Skitourenpark-Pitztal-_-Motiv-02-_-Bild-TVB-Pitztal-1-thegem-product-justified-square-xl.jpg\" width=\"700\" height=\"700\" class=\"attachment-thegem-product-justified-square-xl\" alt=\"Skitourenpark-Pitztal-_-Motiv-02-_-Bild-TVB-Pitztal\" \/> <\/picture> <\/div> <div class=\"overlay \"> <div class=\"overlay-circle\"><\/div> <a href=\"https:\/\/www.green-solutions.info\/wp-content\/uploads\/2020\/06\/Skitourenpark-Pitztal-_-Motiv-02-_-Bild-TVB-Pitztal-1.jpg\" class=\"gallery-item-link fancy-gallery\" data-fancybox=\"gallery-69f475d8e1a74\" aria-label=\"Fullsize Image: Skitourenpark-Pitztal-_-Motiv-02-_-Bild-TVB-Pitztal\"> <span class=\"slide-info\"> <\/span> <\/a> <div class=\"overlay-content\"> <div class=\"overlay-content-center\"> <div class=\"overlay-content-inner\"> <a href=\"https:\/\/www.green-solutions.info\/wp-content\/uploads\/2020\/06\/Skitourenpark-Pitztal-_-Motiv-02-_-Bild-TVB-Pitztal-1.jpg\" class=\"icon photo \" aria-label=\"Fullsize Image: Skitourenpark-Pitztal-_-Motiv-02-_-Bild-TVB-Pitztal\"> <\/a> <div class=\"overlay-line\"><\/div> <\/div> <\/div> <\/div> <\/div> <\/div> <\/div> <\/li> <li class=\"gallery-item gallery-0 col-xs-12 col-sm-6 col-md-6 single-icon post-95122 post type-post status-publish format-standard has-post-thumbnail category-arge-esqui-de-montana\" style=\"\"> <div class=\"wrap gem-wrapbox-style-default\"> <div class=\"overlay-wrap\"> <div class=\"image-wrap \"> <picture> <source srcset=\"https:\/\/www.green-solutions.info\/wp-content\/uploads\/2020\/06\/WP_20171116_11_52_01_Pro-scaled-thegem-product-justified-square-xl.jpg 1x\" sizes=\"100vw\"> <img src=\"https:\/\/www.green-solutions.info\/wp-content\/uploads\/2020\/06\/WP_20171116_11_52_01_Pro-scaled-thegem-product-justified-square-xl.jpg\" width=\"700\" height=\"700\" class=\"attachment-thegem-product-justified-square-xl\" alt=\"WP_20171116_11_52_01_Pro\" \/> <\/picture> <\/div> <div class=\"overlay \"> <div class=\"overlay-circle\"><\/div> <a href=\"https:\/\/www.green-solutions.info\/wp-content\/uploads\/2020\/06\/WP_20171116_11_52_01_Pro-scaled.jpg\" class=\"gallery-item-link fancy-gallery\" data-fancybox=\"gallery-69f475d8e1a74\" aria-label=\"Fullsize Image: WP_20171116_11_52_01_Pro\"> <span class=\"slide-info\"> <\/span> <\/a> <div class=\"overlay-content\"> <div class=\"overlay-content-center\"> <div class=\"overlay-content-inner\"> <a href=\"https:\/\/www.green-solutions.info\/wp-content\/uploads\/2020\/06\/WP_20171116_11_52_01_Pro-scaled.jpg\" class=\"icon photo \" aria-label=\"Fullsize Image: WP_20171116_11_52_01_Pro\"> <\/a> <div class=\"overlay-line\"><\/div> <\/div> <\/div> <\/div> <\/div> <\/div> <\/div> <\/li> <\/ul> <div class=\"portfolio-item-size-container\"> <li class=\"gallery-item size-item col-xs-12 col-sm-6 col-md-6 post-95122 post type-post status-publish format-standard has-post-thumbnail category-arge-esqui-de-montana\" style=\"\"> <\/li> <\/div> <\/div> <\/div> <\/div> <\/div>[\/vc_column][\/vc_row]<\/p>\n<\/div>","protected":false},"excerpt":{"rendered":"<p>El equipo de rescate de monta\u00f1a de Bischofshofen con los profesionales del esqu\u00ed de traves\u00eda Thomas Wallner y Markus Stock &#8211; Todo a la espera de la nieve&#8230;<\/p>\n","protected":false},"author":1,"featured_media":68865,"comment_status":"closed","ping_status":"open","sticky":false,"template":"","format":"standard","meta":{"om_disable_all_campaigns":false,"_monsterinsights_skip_tracking":false,"_monsterinsights_sitenote_active":false,"_monsterinsights_sitenote_note":"","_monsterinsights_sitenote_category":0,"footnotes":""},"categories":[3067],"tags":[],"class_list":{"0":"post-95122","1":"post","2":"type-post","3":"status-publish","4":"format-standard","5":"has-post-thumbnail","7":"category-arge-esqui-de-montana"},"aioseo_notices":[],"menu_order":0,"_links":{"self":[{"href":"https:\/\/www.green-solutions.info\/es\/wp-json\/wp\/v2\/posts\/95122","targetHints":{"allow":["GET"]}}],"collection":[{"href":"https:\/\/www.green-solutions.info\/es\/wp-json\/wp\/v2\/posts"}],"about":[{"href":"https:\/\/www.green-solutions.info\/es\/wp-json\/wp\/v2\/types\/post"}],"author":[{"embeddable":true,"href":"https:\/\/www.green-solutions.info\/es\/wp-json\/wp\/v2\/users\/1"}],"replies":[{"embeddable":true,"href":"https:\/\/www.green-solutions.info\/es\/wp-json\/wp\/v2\/comments?post=95122"}],"version-history":[{"count":0,"href":"https:\/\/www.green-solutions.info\/es\/wp-json\/wp\/v2\/posts\/95122\/revisions"}],"wp:featuredmedia":[{"embeddable":true,"href":"https:\/\/www.green-solutions.info\/es\/wp-json\/wp\/v2\/media\/68865"}],"wp:attachment":[{"href":"https:\/\/www.green-solutions.info\/es\/wp-json\/wp\/v2\/media?parent=95122"}],"wp:term":[{"taxonomy":"category","embeddable":true,"href":"https:\/\/www.green-solutions.info\/es\/wp-json\/wp\/v2\/categories?post=95122"},{"taxonomy":"post_tag","embeddable":true,"href":"https:\/\/www.green-solutions.info\/es\/wp-json\/wp\/v2\/tags?post=95122"}],"curies":[{"name":"wp","href":"https:\/\/api.w.org\/{rel}","templated":true}]}}