{"id":93164,"date":"2019-03-02T13:24:22","date_gmt":"2019-03-02T12:24:22","guid":{"rendered":"https:\/\/www.green-solutions.info\/proyecto-estrella-para-green-solutions-la-region-de-zugspitz-encarga-green-solutions\/"},"modified":"2025-02-15T14:31:22","modified_gmt":"2025-02-15T13:31:22","slug":"proyecto-estrella-para-green-solutions-la-region-de-zugspitz-encarga-green-solutions","status":"publish","type":"post","link":"https:\/\/www.green-solutions.info\/es\/proyecto-estrella-para-green-solutions-la-region-de-zugspitz-encarga-green-solutions\/","title":{"rendered":"Proyecto estrella para green-solutions &#8211; La regi\u00f3n de Zugspitz encarga green-solutions"},"content":{"rendered":"<p><strong>Proyecto estrella para green-solutions<\/strong><\/p>\n<p>Es un gran placer recibir un encargo. La Regi\u00f3n de Zugspitz nos ha encargado la planificaci\u00f3n de la se\u00f1alizaci\u00f3n de todas las rutas de senderismo del distrito de Garmisch-Parternkichen. La lista de tareas incluye 1600 kil\u00f3metros de rutas de senderismo y la planificaci\u00f3n de la se\u00f1alizaci\u00f3n en los pr\u00f3ximos dos a\u00f1os. La se\u00f1alizaci\u00f3n complementar\u00e1 las rutas ya realizadas en los Alpes de Ammergau. Estamos deseando que empiece en marzo de 2019.    <\/p>\n","protected":false},"excerpt":{"rendered":"<p>Proyecto estrella para green-solutions Es un gran placer recibir un encargo. La Regi\u00f3n de Zugspitz nos ha encargado la planificaci\u00f3n&#8230;<\/p>\n","protected":false},"author":1,"featured_media":82479,"comment_status":"closed","ping_status":"open","sticky":false,"template":"","format":"standard","meta":{"om_disable_all_campaigns":false,"_monsterinsights_skip_tracking":false,"_monsterinsights_sitenote_active":false,"_monsterinsights_sitenote_note":"","_monsterinsights_sitenote_category":0,"footnotes":""},"categories":[1315,1316,1314,1468],"tags":[1481,1693,2312,2328,2428,1479],"class_list":{"0":"post-93164","1":"post","2":"type-post","3":"status-publish","4":"format-standard","5":"has-post-thumbnail","7":"category-archivo-de-noticias","8":"category-concepto","9":"category-referencias-es","10":"category-tourinfra-es","11":"tag-caminata","12":"tag-ciclismo-es","13":"tag-planificacion-de-la-senalizacion","14":"tag-planificacion-del-viaje","15":"tag-region-de-zugspitze-es","16":"tag-tourinfra-es"},"aioseo_notices":[],"menu_order":363,"_links":{"self":[{"href":"https:\/\/www.green-solutions.info\/es\/wp-json\/wp\/v2\/posts\/93164","targetHints":{"allow":["GET"]}}],"collection":[{"href":"https:\/\/www.green-solutions.info\/es\/wp-json\/wp\/v2\/posts"}],"about":[{"href":"https:\/\/www.green-solutions.info\/es\/wp-json\/wp\/v2\/types\/post"}],"author":[{"embeddable":true,"href":"https:\/\/www.green-solutions.info\/es\/wp-json\/wp\/v2\/users\/1"}],"replies":[{"embeddable":true,"href":"https:\/\/www.green-solutions.info\/es\/wp-json\/wp\/v2\/comments?post=93164"}],"version-history":[{"count":0,"href":"https:\/\/www.green-solutions.info\/es\/wp-json\/wp\/v2\/posts\/93164\/revisions"}],"wp:featuredmedia":[{"embeddable":true,"href":"https:\/\/www.green-solutions.info\/es\/wp-json\/wp\/v2\/media\/82479"}],"wp:attachment":[{"href":"https:\/\/www.green-solutions.info\/es\/wp-json\/wp\/v2\/media?parent=93164"}],"wp:term":[{"taxonomy":"category","embeddable":true,"href":"https:\/\/www.green-solutions.info\/es\/wp-json\/wp\/v2\/categories?post=93164"},{"taxonomy":"post_tag","embeddable":true,"href":"https:\/\/www.green-solutions.info\/es\/wp-json\/wp\/v2\/tags?post=93164"}],"curies":[{"name":"wp","href":"https:\/\/api.w.org\/{rel}","templated":true}]}}