{"id":88165,"date":"2014-12-04T13:01:08","date_gmt":"2014-12-04T12:01:08","guid":{"rendered":"https:\/\/www.green-solutions.info\/in-situ-con-experiencia-y-tecnologia\/"},"modified":"2025-02-15T14:18:53","modified_gmt":"2025-02-15T13:18:53","slug":"in-situ-con-experiencia-y-tecnologia","status":"publish","type":"post","link":"https:\/\/www.green-solutions.info\/es\/in-situ-con-experiencia-y-tecnologia\/","title":{"rendered":"In situ con experiencia y tecnolog\u00eda"},"content":{"rendered":"<div class=\"wpb-content-wrapper\"><p>[vc_row full_width=\u00bbstretch_row_content\u00bb][vc_column][vc_custom_heading source=\u00bbpost_title\u00bb font_container=\u00bbtag:h3|text_align:left\u00bb use_theme_fonts=\u00bbyes\u00bb][vc_column_text]Del Golf- und Thermenland al Chiemgau, del Lechtal y los Alpes de Allg\u00e4u al Dachstein&#8230; Actualmente estamos trabajando muy duro para nuestros clientes en la planificaci\u00f3n de rutas y sistemas de guiado.<\/p>\n<p>El foco 1 es el sector ciclista: Chiemgau-Tourismus ya est\u00e1 en la recta final para convertirse en una <strong>Regi\u00f3n Cicloturista ADFC<\/strong>: actualmente se est\u00e1 encargando el material y las se\u00f1ales ciclistas previstas para el verano se est\u00e1n entregando a trav\u00e9s de nuestro <strong><a title=\"\"tourinfra\"\" href=\"https:\/\/www.green-solutions.info\/es\/?attachment_id=83423\">tourinfra<\/a><\/strong><br \/>\nEn Baviera Oriental -tambi\u00e9n en camino hacia <strong>rutas ciclistas de calidad ADFC-<\/strong> pudimos finalizar hace unas semanas la grabaci\u00f3n de las rutas del Golf- und Thermenland y del F\u00fcnf-Fl\u00fcsse-Radweg. Al grabar las rutas ciclistas, registramos tanto la se\u00f1alizaci\u00f3n como el estado de la ruta en el terreno. Una de nuestras herramientas m\u00e1s importantes aqu\u00ed fue nuestro tourinfra en combinaci\u00f3n con la app de nuestro socio <a title=\"topplan\" href=\"http:\/\/wwww.topplan.de\" target=\"_blank\" rel=\"noopener noreferrer\">topplan<\/a>. Esto nos permiti\u00f3 recopilar datos r\u00e1pida y sistem\u00e1ticamente in situ. A partir de los datos recogidos, estamos preparando el plan de se\u00f1alizaci\u00f3n conforme a las especificaciones del ADFC.    <\/p>\n<p>Paralelamente al tema del ciclismo, parte de nuestro equipo est\u00e1 viajando por las monta\u00f1as junto con topplan y est\u00e1 preparando <strong>agradables rutas de senderismo invernal<\/strong> en los valles de Allg\u00e4u y Lechtal, as\u00ed como <strong>crujientes recorridos de esqu\u00ed<\/strong> en Estiria para la pr\u00f3xima temporada de invierno. Una vez planificadas y registradas las rutas, en las pr\u00f3ximas semanas elaboraremos y entregaremos la se\u00f1alizaci\u00f3n y el material publicitario basado en ella. Nuestra tourinfra es el centro de datos de todos los proyectos. Adem\u00e1s del registro de se\u00f1alizaci\u00f3n y las plantillas de impresi\u00f3n para los fabricantes de se\u00f1ales, tambi\u00e9n suministra los geodatos para el flujo de trabajo basado en ellos para la creaci\u00f3n de nuestros mapas personalizados sin licencia.   <\/p>\n<p>Para la primavera, ya hemos planificado otros proyectos en el \u00e1rea de planificaci\u00f3n junto con <strong><a title=\"topplan\" href=\"http:\/\/wwww.topplan.de\" target=\"_blank\" rel=\"noopener noreferrer\">topplan<\/a><\/strong> en el calendario. Te mantendremos informado. <\/p>\n<h4>\u00c1reas de planificaci\u00f3n:<\/h4>\n<h4>[mappress mapid=\u00bb25&#8243;]<\/h4>\n<p>[\/vc_column_text][vc_empty_space height=\u00bb24&#8243;][vc_custom_heading text=\u00bbEn la carretera con experiencia y tecnolog\u00eda:\u00bb font_container=\u00bbtag:h4|text_align:center\u00bb use_theme_fonts=\u00bbyes\u00bb][vc_gallery type=\u00bbnivo\u00bb interval=\u00bb3&#8243; images=\u00bb10462,10463,10464,10465,10466&#8243; img_size=\u00bb560*420&#8243;][vc_empty_space height=\u00bb24&#8243;][vc_custom_heading text=\u00bbNoticias relacionadas\u00bb font_container=\u00bbtag:h4|text_align:center\u00bb use_theme_fonts=\u00bbyes\u00bb][\/vc_column][\/vc_row]<\/p>\n<\/div>","protected":false},"excerpt":{"rendered":"<p>[vc_row full_width=\u00bbstretch_row_content\u00bb][vc_column][vc_custom_heading source=\u00bbpost_title\u00bb font_container=\u00bbtag:h3|text_align:left\u00bb use_theme_fonts=\u00bbyes\u00bb][vc_column_text]Del Golf- und Thermenland al Chiemgau, del Lechtal y los Alpes de Allg\u00e4u al Dachstein&#8230; Actualmente&#8230;<\/p>\n","protected":false},"author":1,"featured_media":52797,"comment_status":"closed","ping_status":"closed","sticky":false,"template":"","format":"standard","meta":{"om_disable_all_campaigns":false,"_monsterinsights_skip_tracking":false,"_monsterinsights_sitenote_active":false,"_monsterinsights_sitenote_note":"","_monsterinsights_sitenote_category":0,"footnotes":""},"categories":[1315,1316,1314,974,1468],"tags":[1471,1470,1472,1473,1469],"class_list":{"0":"post-88165","1":"post","2":"type-post","3":"status-publish","4":"format-standard","5":"has-post-thumbnail","7":"category-archivo-de-noticias","8":"category-concepto","9":"category-referencias-es","10":"category-sin-categorizar","11":"category-tourinfra-es","12":"tag-adfc-es","13":"tag-carriles-bici","14":"tag-chiemgau-es","15":"tag-cicloturismo-region","16":"tag-deteccion-de-ruta"},"aioseo_notices":[],"menu_order":0,"_links":{"self":[{"href":"https:\/\/www.green-solutions.info\/es\/wp-json\/wp\/v2\/posts\/88165","targetHints":{"allow":["GET"]}}],"collection":[{"href":"https:\/\/www.green-solutions.info\/es\/wp-json\/wp\/v2\/posts"}],"about":[{"href":"https:\/\/www.green-solutions.info\/es\/wp-json\/wp\/v2\/types\/post"}],"author":[{"embeddable":true,"href":"https:\/\/www.green-solutions.info\/es\/wp-json\/wp\/v2\/users\/1"}],"replies":[{"embeddable":true,"href":"https:\/\/www.green-solutions.info\/es\/wp-json\/wp\/v2\/comments?post=88165"}],"version-history":[{"count":0,"href":"https:\/\/www.green-solutions.info\/es\/wp-json\/wp\/v2\/posts\/88165\/revisions"}],"wp:featuredmedia":[{"embeddable":true,"href":"https:\/\/www.green-solutions.info\/es\/wp-json\/wp\/v2\/media\/52797"}],"wp:attachment":[{"href":"https:\/\/www.green-solutions.info\/es\/wp-json\/wp\/v2\/media?parent=88165"}],"wp:term":[{"taxonomy":"category","embeddable":true,"href":"https:\/\/www.green-solutions.info\/es\/wp-json\/wp\/v2\/categories?post=88165"},{"taxonomy":"post_tag","embeddable":true,"href":"https:\/\/www.green-solutions.info\/es\/wp-json\/wp\/v2\/tags?post=88165"}],"curies":[{"name":"wp","href":"https:\/\/api.w.org\/{rel}","templated":true}]}}